{"id":1756,"date":"2014-07-14T18:18:29","date_gmt":"2014-07-14T21:18:29","guid":{"rendered":"https:\/\/estrategista.net\/?p=1756"},"modified":"2014-07-14T18:22:25","modified_gmt":"2014-07-14T21:22:25","slug":"a-camisa-amarela-amarela","status":"publish","type":"post","link":"https:\/\/estrategista.net\/?p=1756","title":{"rendered":"A camisa amarela amarela?"},"content":{"rendered":"<p>Ap\u00f3s a vexaminosa derrota para a Alemanha nas semifinais da Copa do Mundo, especialistas buscaram explica\u00e7\u00f5es para a derrota. O desequil\u00edbrio emocional dos jogadores tem sido considerado uma das principais causas para o fracasso. A press\u00e3o de jogar um torneio t\u00e3o importante no Brasil afetou os jogadores o que refletiu-se na express\u00e3o chorosa dos jogadores durante a execu\u00e7\u00e3o do hino e a pane de 6 minutos durante o jogo contra os alem\u00e3es quando ocorreram 4 gols. A confian\u00e7a (ou arrog\u00e2ncia?) do treinador Luis Felipe Scolari n\u00e3o foi absorvida pelos jogadores. A ideia de que a vit\u00f3ria no futebol serve de al\u00edvio para as agruras da popula\u00e7\u00e3o brasileira \u00e9 um fardo para os atletas. N\u00e3o \u00e9 somente no futebol que as condi\u00e7\u00f5es psicol\u00f3gicas explicam derrotas dos esportistas brasileiros. Atletas ol\u00edmpicos favoritos j\u00e1 tremeram em momentos decisivos. Se lembram das quedas de Daiane dos Santos e Diego Hip\u00f3lito na gin\u00e1stica ol\u00edmpica, da perda da medalha de ouro pelo iatista multicampe\u00e3o Robert Scheidt e do refugo do cavalo do Rodrigo Pessoa? Pode se alegar que faltam condi\u00e7\u00f5es de treinamento para os atletas ol\u00edmpicos. Mas a desculpa n\u00e3o vale para a sele\u00e7\u00e3o de futebol que possui um centro de treinamento de \u00faltima gera\u00e7\u00e3o em Teres\u00f3polis. Mas nenhum acidente possui apenas uma raz\u00e3o. Quais foram as outras falhas?<\/p>\n<p><!--more--><\/p>\n<p>(i)\u00a0\u00a0\u00a0\u00a0\u00a0\u00a0\u00a0\u00a0\u00a0\u00a0\u00a0\u00a0\u00a0\u00a0\u00a0\u00a0\u00a0 a escolha errada dos jogadores selecionados \u2013 a criatividade no meio de campo ficou restrita a apenas um jogador: Oscar. Com a Copa irregular do atacante do Chelsea, tivemos um meio campo ac\u00e9falo. Isso j\u00e1 havia acontecido em 1994 quando a comiss\u00e3o t\u00e9cnica apostou em Ra\u00ed. Com o mau desempenho do \u00eddolo s\u00e3o-paulino, o Brasil se viu reduzido a um meio campo brigador \u2013 Dunga, Mauro Silva, Zinho e Mazinho. Sorte que t\u00ednhamos dois g\u00eanios Bebeto e Rom\u00e1rio.<\/p>\n<p>(ii)\u00a0\u00a0\u00a0\u00a0\u00a0\u00a0\u00a0\u00a0\u00a0\u00a0\u00a0\u00a0\u00a0\u00a0\u00a0 a inconsist\u00eancia t\u00e1tica \u2013 ao contr\u00e1rio de outros t\u00e9cnicos que apresentavam varia\u00e7\u00f5es t\u00e1ticas dependendo do advers\u00e1rio (o t\u00e9cnico holand\u00eas Van Gaal utilizou tr\u00eas esquemas no mesmo jogo contra a Costa Rica), Scolari se agarrou ao 4-2-2-2. Ao se deparar com a les\u00e3o do principal jogador, Neymar e a solidez do meio campo alem\u00e3o, faltaram alternativas. O t\u00e9cnico brasileiro morreu abra\u00e7ado ao seu pragmatismo t\u00e1tico.<\/p>\n<p>(iii)\u00a0\u00a0\u00a0\u00a0\u00a0\u00a0\u00a0\u00a0\u00a0\u00a0\u00a0\u00a0\u00a0\u00a0 a safra de jogadores de menor qualidade t\u00e9cnica \u2013 com exce\u00e7\u00e3o do excepcional Neymar, os demais jogadores s\u00e3o no m\u00e1ximo bons jogadores.<\/p>\n<p>A Copa tamb\u00e9m derrubou algumas vis\u00f5es equivocadas. Primeiro, a de que as equipes brasileiras jogam lentamente devido ao desleixo. O clima n\u00e3o ajuda a termos um jogo din\u00e2mico como o jogado pelas equipes europeias. Foi normal ao longo da Copa, vermos jogadores cansados e com c\u00e2imbras, especialmente em jogos no Nordeste. Assim, o clima explica, mais do que caracter\u00edsticas t\u00e1ticas ou t\u00e9cnicas, o jogo mais cadenciado das equipes brasileiras.<\/p>\n<p>Segundo, apesar do pessimismo, o Brasil conseguiu realizar uma boa Copa. A seguran\u00e7a e at\u00e9 mesmo quest\u00f5es de log\u00edstica como as dos aeroportos foram superadas. A receptividade aos estrangeiros foi o ponto alto do evento. Resta agora esperarmos a conclus\u00e3o das obras inacabadas, principalmente as relacionadas \u00e0 mobilidade urbana. E torcer para uma equipe mais equilibrada em termos emocionais, t\u00e1ticos e t\u00e9cnicos em 2018.<\/p>\n<p>&nbsp;<\/p>\n","protected":false},"excerpt":{"rendered":"<p>Ap\u00f3s a vexaminosa derrota para a Alemanha nas semifinais da Copa do Mundo, especialistas buscaram explica\u00e7\u00f5es para a derrota. O desequil\u00edbrio emocional dos jogadores tem sido considerado uma das principais causas para o fracasso. A press\u00e3o de jogar um torneio t\u00e3o importante no Brasil afetou os jogadores o que refletiu-se na express\u00e3o chorosa dos jogadores [&hellip;]<\/p>\n","protected":false},"author":1,"featured_media":0,"comment_status":"open","ping_status":"open","sticky":false,"template":"","format":"standard","meta":{"footnotes":""},"categories":[6],"tags":[],"class_list":["post-1756","post","type-post","status-publish","format-standard","hentry","category-textos-e-cronicas"],"_links":{"self":[{"href":"https:\/\/estrategista.net\/index.php?rest_route=\/wp\/v2\/posts\/1756","targetHints":{"allow":["GET"]}}],"collection":[{"href":"https:\/\/estrategista.net\/index.php?rest_route=\/wp\/v2\/posts"}],"about":[{"href":"https:\/\/estrategista.net\/index.php?rest_route=\/wp\/v2\/types\/post"}],"author":[{"embeddable":true,"href":"https:\/\/estrategista.net\/index.php?rest_route=\/wp\/v2\/users\/1"}],"replies":[{"embeddable":true,"href":"https:\/\/estrategista.net\/index.php?rest_route=%2Fwp%2Fv2%2Fcomments&post=1756"}],"version-history":[{"count":4,"href":"https:\/\/estrategista.net\/index.php?rest_route=\/wp\/v2\/posts\/1756\/revisions"}],"predecessor-version":[{"id":1760,"href":"https:\/\/estrategista.net\/index.php?rest_route=\/wp\/v2\/posts\/1756\/revisions\/1760"}],"wp:attachment":[{"href":"https:\/\/estrategista.net\/index.php?rest_route=%2Fwp%2Fv2%2Fmedia&parent=1756"}],"wp:term":[{"taxonomy":"category","embeddable":true,"href":"https:\/\/estrategista.net\/index.php?rest_route=%2Fwp%2Fv2%2Fcategories&post=1756"},{"taxonomy":"post_tag","embeddable":true,"href":"https:\/\/estrategista.net\/index.php?rest_route=%2Fwp%2Fv2%2Ftags&post=1756"}],"curies":[{"name":"wp","href":"https:\/\/api.w.org\/{rel}","templated":true}]}}